{"id":44262,"date":"2022-12-12T14:19:13","date_gmt":"2022-12-12T11:19:13","guid":{"rendered":"https:\/\/teidakademi.com\/?p=44262"},"modified":"2024-01-23T18:17:43","modified_gmt":"2024-01-23T15:17:43","slug":"teid-akademi-next-gen-egitim-programi","status":"publish","type":"post","link":"https:\/\/teidakademi.com\/index.php\/2022\/12\/12\/teid-akademi-next-gen-egitim-programi\/","title":{"rendered":"TE\u0130D Academy Next Gen 1. D\u00f6nem"},"content":{"rendered":"\t\t<div data-elementor-type=\"wp-post\" data-elementor-id=\"44262\" class=\"elementor elementor-44262\" data-elementor-settings=\"{&quot;ha_cmc_init_switcher&quot;:&quot;no&quot;}\" data-elementor-post-type=\"post\">\n\t\t\t\t\t\t<section class=\"elementor-section elementor-top-section elementor-element elementor-element-91cb6c7 elementor-section-boxed elementor-section-height-default elementor-section-height-default\" data-id=\"91cb6c7\" data-element_type=\"section\" data-e-type=\"section\" data-settings=\"{&quot;_ha_eqh_enable&quot;:false}\">\n\t\t\t\t\t\t<div class=\"elementor-container elementor-column-gap-default\">\n\t\t\t\t\t<div class=\"elementor-column elementor-col-100 elementor-top-column elementor-element elementor-element-26e5694\" data-id=\"26e5694\" data-element_type=\"column\" data-e-type=\"column\">\n\t\t\t<div class=\"elementor-widget-wrap elementor-element-populated\">\n\t\t\t\t\t\t<div class=\"elementor-element elementor-element-43acacf elementor-widget elementor-widget-heading\" data-id=\"43acacf\" data-element_type=\"widget\" data-e-type=\"widget\" data-widget_type=\"heading.default\">\n\t\t\t\t<div class=\"elementor-widget-container\">\n\t\t\t\t\t<h2 class=\"elementor-heading-title elementor-size-default\"><span style=\"font-family: Calibri, sans-serif;font-size: 18px;font-weight: 600;white-space: normal\">TE\u0130D Academy Next Gen E\u011fitim Program\u0131 Ba\u015fl\u0131yor!<\/span><\/h2>\t\t\t\t<\/div>\n\t\t\t\t<\/div>\n\t\t\t\t\t<\/div>\n\t\t<\/div>\n\t\t\t\t\t<\/div>\n\t\t<\/section>\n\t\t\t\t<section class=\"elementor-section elementor-top-section elementor-element elementor-element-17082ec elementor-section-boxed elementor-section-height-default elementor-section-height-default\" data-id=\"17082ec\" data-element_type=\"section\" data-e-type=\"section\" data-settings=\"{&quot;_ha_eqh_enable&quot;:false}\">\n\t\t\t\t\t\t<div class=\"elementor-container elementor-column-gap-default\">\n\t\t\t\t\t<div class=\"elementor-column elementor-col-100 elementor-top-column elementor-element elementor-element-bd411aa\" data-id=\"bd411aa\" data-element_type=\"column\" data-e-type=\"column\">\n\t\t\t<div class=\"elementor-widget-wrap elementor-element-populated\">\n\t\t\t\t\t\t<div class=\"elementor-element elementor-element-2037047 elementor-widget elementor-widget-text-editor\" data-id=\"2037047\" data-element_type=\"widget\" data-e-type=\"widget\" data-widget_type=\"text-editor.default\">\n\t\t\t\t<div class=\"elementor-widget-container\">\n\t\t\t\t\t\t\t\t\t<p style=\"font-weight: 400; text-align: justify;\"><strong>Etik ve \u0130tibar Derne\u011fi<\/strong> olarak \u00fclkemizde faaliyet g\u00f6steren \u00e7e\u015fitli sekt\u00f6rlerdeki \u015firketler ve \u00e7al\u0131\u015fanlar\u0131na y\u00f6nelik projelerimizin yan\u0131nda gen\u00e7 nesillere de etik, uyum ve itibar konular\u0131n\u0131n \u00f6nemini anlatmak ve fark\u0131ndal\u0131k yaratmak ad\u0131na ger\u00e7ekle\u015ftirdi\u011fimiz \u00e7al\u0131\u015fmalar\u0131m\u0131za g\u00fcnden g\u00fcne yenilerini ekleyerek devam etmekteyiz.<\/p><p style=\"font-weight: 400; text-align: justify;\">Ara\u015ft\u0131rmalara g\u00f6re ki\u015filerin i\u015f hayat\u0131nda etik davran\u0131\u015flarda bulunabilmesi ve g\u00fcnl\u00fck hayat\u0131nda da do\u011fru olan\u0131\u00a0yapabilmesi i\u00e7in,\u00a0etik konular\u0131 ile ilgili e\u011fitimi \u00fcniversite, lise ve hatta ilkokul \u00e7a\u011flar\u0131nda almalar\u0131 gerekmektedir.<\/p><p style=\"font-weight: 400; text-align: justify;\">TE\u0130D olarak \u201c<strong>Gelece\u011fin Etik Liderleri<\/strong>\u201d projesi kapsam\u0131nda, gen\u00e7 neslin etik konusundaki fark\u0131ndal\u0131\u011f\u0131n\u0131 art\u0131rmak ve sorumlu liderler\u00a0yeti\u015fmesine destek olmay\u0131\u00a0 ama\u00e7lamaktay\u0131z.\u00a0Bu proje kapsam\u0131nda y\u00fcr\u00fctt\u00fc\u011f\u00fcm\u00fcz\u00a0faaliyetlerimizin\u00a0 aras\u0131na bir yenisini\u00a0ekliyoruz.<\/p><p style=\"font-weight: 400; text-align: justify;\">Bug\u00fcne kadar \u201c<strong>Gelece\u011fin Etik Liderleri<\/strong>\u201d projesi ile gen\u00e7ler nezdinde etik fark\u0131ndal\u0131k geli\u015ftirmeyi hedeflerken art\u0131k <strong>TE\u0130D Academy Next Gen<\/strong> ile \u201c<strong>Gelece\u011fin Etik ve Uyum Y\u00f6neticileri<\/strong>\u201dni yeti\u015ftirerek kapasite geli\u015ftirme safhas\u0131na ge\u00e7mi\u015f bulunmaktay\u0131z.<\/p><p style=\"font-weight: 400; text-align: justify;\">\u201c<strong>Etik ve Uyum Y\u00f6neticili\u011fi<\/strong>\u201d mesle\u011finin ihtiya\u00e7 ve gereklerinin \u00fcniversite 3. veya 4. s\u0131n\u0131f \u00f6\u011frencilerine ve yeni mezunlara\u00a0\u00f6\u011fretilmesini ama\u00e7layan TE\u0130D Academy Next Gen 16 Aral\u0131k\u2019ta \u0130stanbul \u00dcniversitesi Giri\u015fimcilik Kul\u00fcb\u00fc i\u015f birli\u011fiyle ba\u015flayacak!<\/p><p style=\"font-weight: 400; text-align: justify;\">A\u00e7\u0131lan 12 saatlik bu e\u011fitim program\u0131\u00a0ile gen\u00e7 nesiller &#8220;<strong>Etik ve Uyum Y\u00f6neticisi<\/strong>&#8221; olma yolundaki ilk ad\u0131mlar\u0131n\u0131\u00a0de\u011ferli e\u011fitmenlerimiz <strong>Asl\u0131 Ertekin, Av. Se\u00e7kin Sava\u015fer, Av. Altu\u011f \u00d6zg\u00fcn ve Av. Tu\u011fba Do\u011fru Barut\u00e7uo\u011flu<\/strong> ile atacaklar.<\/p><p style=\"font-weight: 400; text-align: justify;\">Program kapsam\u0131nda online 8 saatlik dersin yan\u0131 s\u0131ra 4 saatlik offline video dersleri ile de toplam 12 saatlik bir e\u011fitim verilecek.<\/p><p><\/p><\/div><\/div><\/div><\/div><\/div><\/section><\/div> <a href=\"https:\/\/teidakademi.com\/index.php\/2022\/12\/12\/teid-akademi-next-gen-egitim-programi\/#more-44262\" class=\"more-link elementor-more-link\"><span aria-label=\"Okumaya devam et TE\u0130D Academy Next Gen 1. D\u00f6nem\">(daha&amp;helliip;)<\/span><\/a>","protected":false},"excerpt":{"rendered":"<p>TE\u0130D Academy Next Gen E\u011fitim Program\u0131 Ba\u015fl\u0131yor! Etik ve \u0130tibar Derne\u011fi olarak \u00fclkemizde faaliyet g\u00f6steren \u00e7e\u015fitli sekt\u00f6rlerdeki \u015firketler ve \u00e7al\u0131\u015fanlar\u0131na y\u00f6nelik projelerimizin yan\u0131nda gen\u00e7 nesillere de etik, uyum ve itibar konular\u0131n\u0131n \u00f6nemini anlatmak ve fark\u0131ndal\u0131k yaratmak ad\u0131na ger\u00e7ekle\u015ftirdi\u011fimiz \u00e7al\u0131\u015fmalar\u0131m\u0131za g\u00fcnden g\u00fcne yenilerini ekleyerek devam etmekteyiz. Ara\u015ft\u0131rmalara g\u00f6re ki\u015filerin i\u015f hayat\u0131nda etik davran\u0131\u015flarda bulunabilmesi ve g\u00fcnl\u00fck [&hellip;]<\/p>\n","protected":false},"author":1,"featured_media":44264,"comment_status":"closed","ping_status":"open","sticky":false,"template":"","format":"standard","meta":{"_bbp_topic_count":0,"_bbp_reply_count":0,"_bbp_total_topic_count":0,"_bbp_total_reply_count":0,"_bbp_voice_count":0,"_bbp_anonymous_reply_count":0,"_bbp_topic_count_hidden":0,"_bbp_reply_count_hidden":0,"_bbp_forum_subforum_count":0,"footnotes":""},"categories":[207,1],"tags":[],"class_list":["post-44262","post","type-post","status-publish","format-standard","has-post-thumbnail","hentry","category-egitim-ve-etkinlikler","category-uncategorized-tr"],"_links":{"self":[{"href":"https:\/\/teidakademi.com\/index.php\/wp-json\/wp\/v2\/posts\/44262","targetHints":{"allow":["GET"]}}],"collection":[{"href":"https:\/\/teidakademi.com\/index.php\/wp-json\/wp\/v2\/posts"}],"about":[{"href":"https:\/\/teidakademi.com\/index.php\/wp-json\/wp\/v2\/types\/post"}],"author":[{"embeddable":true,"href":"https:\/\/teidakademi.com\/index.php\/wp-json\/wp\/v2\/users\/1"}],"replies":[{"embeddable":true,"href":"https:\/\/teidakademi.com\/index.php\/wp-json\/wp\/v2\/comments?post=44262"}],"version-history":[{"count":17,"href":"https:\/\/teidakademi.com\/index.php\/wp-json\/wp\/v2\/posts\/44262\/revisions"}],"predecessor-version":[{"id":45069,"href":"https:\/\/teidakademi.com\/index.php\/wp-json\/wp\/v2\/posts\/44262\/revisions\/45069"}],"wp:featuredmedia":[{"embeddable":true,"href":"https:\/\/teidakademi.com\/index.php\/wp-json\/wp\/v2\/media\/44264"}],"wp:attachment":[{"href":"https:\/\/teidakademi.com\/index.php\/wp-json\/wp\/v2\/media?parent=44262"}],"wp:term":[{"taxonomy":"category","embeddable":true,"href":"https:\/\/teidakademi.com\/index.php\/wp-json\/wp\/v2\/categories?post=44262"},{"taxonomy":"post_tag","embeddable":true,"href":"https:\/\/teidakademi.com\/index.php\/wp-json\/wp\/v2\/tags?post=44262"}],"curies":[{"name":"wp","href":"https:\/\/api.w.org\/{rel}","templated":true}]}}