{"id":44482,"date":"2023-03-08T18:00:25","date_gmt":"2023-03-08T15:00:25","guid":{"rendered":"https:\/\/teidakademi.com\/?p=44482"},"modified":"2023-05-05T17:05:46","modified_gmt":"2023-05-05T14:05:46","slug":"teid-akademi-x-koc-toplulugu-2-donemi-sona-erdi","status":"publish","type":"post","link":"https:\/\/teidakademi.com\/index.php\/2023\/03\/08\/teid-akademi-x-koc-toplulugu-2-donemi-sona-erdi\/","title":{"rendered":"TE\u0130D Akademi x Ko\u00e7 Toplulu\u011fu 2. D\u00f6nemi Sona Erdi!"},"content":{"rendered":"\t\t<div data-elementor-type=\"wp-post\" data-elementor-id=\"44482\" class=\"elementor elementor-44482\" data-elementor-settings=\"{&quot;ha_cmc_init_switcher&quot;:&quot;no&quot;}\" data-elementor-post-type=\"post\">\n\t\t\t\t\t\t<section class=\"elementor-section elementor-top-section elementor-element elementor-element-38fdc89 elementor-section-boxed elementor-section-height-default elementor-section-height-default\" data-id=\"38fdc89\" data-element_type=\"section\" data-e-type=\"section\" data-settings=\"{&quot;_ha_eqh_enable&quot;:false}\">\n\t\t\t\t\t\t<div class=\"elementor-container elementor-column-gap-default\">\n\t\t\t\t\t<div class=\"elementor-column elementor-col-100 elementor-top-column elementor-element elementor-element-8478e13\" data-id=\"8478e13\" data-element_type=\"column\" data-e-type=\"column\">\n\t\t\t<div class=\"elementor-widget-wrap elementor-element-populated\">\n\t\t\t\t\t\t<div class=\"elementor-element elementor-element-078a1d3 elementor-widget elementor-widget-text-editor\" data-id=\"078a1d3\" data-element_type=\"widget\" data-e-type=\"widget\" data-widget_type=\"text-editor.default\">\n\t\t\t\t<div class=\"elementor-widget-container\">\n\t\t\t\t\t\t\t\t\t<nav id=\"site-navigation\" class=\"main-navigation tg-primary-menu tg-primary-menu--style-underline\"><div><strong>TE\u0130D Akademi x KO\u00c7 Toplulu\u011fu \u201cKurumsal Etik Ve Uyum Y\u00f6netimi E\u011fitim Program\u0131\u201d 2. D\u00f6nemi Sona Erdi!<\/strong><\/div><div class=\"menu\"><span style=\"text-align: justify;\"><br \/>Ko\u00e7 Holding A.\u015e. Toplulu\u011fu b\u00fcnyesinde \u00e7al\u0131\u015fan uyum y\u00f6neticilerine y\u00f6nelik olarak 17 Ocak 2023 tarihinde ba\u015flayan TE\u0130D Akademi \u201cKurumsal Etik ve Uyum Y\u00f6netimi\u201d e\u011fitim program\u0131 dersleri sona erdi.<\/span><\/div><\/nav><nav id=\"mobile-navigation\" class=\"tg-mobile-navigation\"><p style=\"text-align: justify;\">Kat\u0131l\u0131mc\u0131lar\u0131m\u0131za toplam 42 saatlik program kapsam\u0131nda, 32 de\u011fi\u015fik ders ba\u015fl\u0131\u011f\u0131n\u0131 29 profesyonel e\u011fitmenden dinlediler.<\/p><\/nav><p><\/p><\/div><\/div><\/div><\/div><\/div><\/section><\/div> <a href=\"https:\/\/teidakademi.com\/index.php\/2023\/03\/08\/teid-akademi-x-koc-toplulugu-2-donemi-sona-erdi\/#more-44482\" class=\"more-link elementor-more-link\"><span aria-label=\"Okumaya devam et TE\u0130D Akademi x Ko\u00e7 Toplulu\u011fu 2. D\u00f6nemi Sona Erdi!\">(daha&amp;helliip;)<\/span><\/a>","protected":false},"excerpt":{"rendered":"<p>TE\u0130D Akademi x KO\u00c7 Toplulu\u011fu \u201cKurumsal Etik Ve Uyum Y\u00f6netimi E\u011fitim Program\u0131\u201d 2. D\u00f6nemi Sona Erdi!Ko\u00e7 Holding A.\u015e. Toplulu\u011fu b\u00fcnyesinde \u00e7al\u0131\u015fan uyum y\u00f6neticilerine y\u00f6nelik olarak 17 Ocak 2023 tarihinde ba\u015flayan TE\u0130D Akademi \u201cKurumsal Etik ve Uyum Y\u00f6netimi\u201d e\u011fitim program\u0131 dersleri sona erdi. Kat\u0131l\u0131mc\u0131lar\u0131m\u0131za toplam 42 saatlik program kapsam\u0131nda, 32 de\u011fi\u015fik ders ba\u015fl\u0131\u011f\u0131n\u0131 29 profesyonel e\u011fitmenden [&hellip;]<\/p>\n","protected":false},"author":1,"featured_media":44488,"comment_status":"closed","ping_status":"open","sticky":false,"template":"","format":"standard","meta":{"_bbp_topic_count":0,"_bbp_reply_count":0,"_bbp_total_topic_count":0,"_bbp_total_reply_count":0,"_bbp_voice_count":0,"_bbp_anonymous_reply_count":0,"_bbp_topic_count_hidden":0,"_bbp_reply_count_hidden":0,"_bbp_forum_subforum_count":0,"footnotes":""},"categories":[207],"tags":[],"class_list":["post-44482","post","type-post","status-publish","format-standard","has-post-thumbnail","hentry","category-egitim-ve-etkinlikler"],"_links":{"self":[{"href":"https:\/\/teidakademi.com\/index.php\/wp-json\/wp\/v2\/posts\/44482","targetHints":{"allow":["GET"]}}],"collection":[{"href":"https:\/\/teidakademi.com\/index.php\/wp-json\/wp\/v2\/posts"}],"about":[{"href":"https:\/\/teidakademi.com\/index.php\/wp-json\/wp\/v2\/types\/post"}],"author":[{"embeddable":true,"href":"https:\/\/teidakademi.com\/index.php\/wp-json\/wp\/v2\/users\/1"}],"replies":[{"embeddable":true,"href":"https:\/\/teidakademi.com\/index.php\/wp-json\/wp\/v2\/comments?post=44482"}],"version-history":[{"count":8,"href":"https:\/\/teidakademi.com\/index.php\/wp-json\/wp\/v2\/posts\/44482\/revisions"}],"predecessor-version":[{"id":44573,"href":"https:\/\/teidakademi.com\/index.php\/wp-json\/wp\/v2\/posts\/44482\/revisions\/44573"}],"wp:featuredmedia":[{"embeddable":true,"href":"https:\/\/teidakademi.com\/index.php\/wp-json\/wp\/v2\/media\/44488"}],"wp:attachment":[{"href":"https:\/\/teidakademi.com\/index.php\/wp-json\/wp\/v2\/media?parent=44482"}],"wp:term":[{"taxonomy":"category","embeddable":true,"href":"https:\/\/teidakademi.com\/index.php\/wp-json\/wp\/v2\/categories?post=44482"},{"taxonomy":"post_tag","embeddable":true,"href":"https:\/\/teidakademi.com\/index.php\/wp-json\/wp\/v2\/tags?post=44482"}],"curies":[{"name":"wp","href":"https:\/\/api.w.org\/{rel}","templated":true}]}}