{"id":44491,"date":"2023-03-17T13:45:53","date_gmt":"2023-03-17T10:45:53","guid":{"rendered":"https:\/\/teidakademi.com\/?p=44491"},"modified":"2023-10-10T13:14:58","modified_gmt":"2023-10-10T10:14:58","slug":"teid-academy-next-gen-ilk-donem-mezunlarini-verdi","status":"publish","type":"post","link":"https:\/\/teidakademi.com\/index.php\/2023\/03\/17\/teid-academy-next-gen-ilk-donem-mezunlarini-verdi\/","title":{"rendered":"TE\u0130D Academy Next Gen \u0130lk D\u00f6nem Mezunlar\u0131n\u0131 Verdi!"},"content":{"rendered":"\t\t<div data-elementor-type=\"wp-post\" data-elementor-id=\"44491\" class=\"elementor elementor-44491\" data-elementor-settings=\"{&quot;ha_cmc_init_switcher&quot;:&quot;no&quot;}\" data-elementor-post-type=\"post\">\n\t\t\t\t\t\t<section class=\"elementor-section elementor-top-section elementor-element elementor-element-91cb6c7 elementor-section-boxed elementor-section-height-default elementor-section-height-default\" data-id=\"91cb6c7\" data-element_type=\"section\" data-e-type=\"section\" data-settings=\"{&quot;_ha_eqh_enable&quot;:false}\">\n\t\t\t\t\t\t<div class=\"elementor-container elementor-column-gap-default\">\n\t\t\t\t\t<div class=\"elementor-column elementor-col-100 elementor-top-column elementor-element elementor-element-26e5694\" data-id=\"26e5694\" data-element_type=\"column\" data-e-type=\"column\">\n\t\t\t<div class=\"elementor-widget-wrap elementor-element-populated\">\n\t\t\t\t\t\t<div class=\"elementor-element elementor-element-43acacf elementor-widget elementor-widget-heading\" data-id=\"43acacf\" data-element_type=\"widget\" data-e-type=\"widget\" data-widget_type=\"heading.default\">\n\t\t\t\t<div class=\"elementor-widget-container\">\n\t\t\t\t\t<h2 class=\"elementor-heading-title elementor-size-default\"><p style=\"margin: 0cm;font-size: 12pt;font-family: Calibri, sans-serif;font-style: normal;font-weight: 400;white-space: normal\"><b><span lang=\"EN-US\">TE\u0130D Academy Next Gen \u0130lk D\u00f6nem Mezunlar\u0131n\u0131 Verdi!<\/span><\/b><span style=\"color: var( --e-global-color-primary );font-family: var( --e-global-typography-primary-font-family ), Sans-serif;font-size: 2.25rem;font-style: inherit;font-weight: var( --e-global-typography-primary-font-weight );white-space: pre-wrap\"><\/span><\/p><\/h2>\t\t\t\t<\/div>\n\t\t\t\t<\/div>\n\t\t\t\t\t<\/div>\n\t\t<\/div>\n\t\t\t\t\t<\/div>\n\t\t<\/section>\n\t\t\t\t<section class=\"elementor-section elementor-top-section elementor-element elementor-element-17082ec elementor-section-boxed elementor-section-height-default elementor-section-height-default\" data-id=\"17082ec\" data-element_type=\"section\" data-e-type=\"section\" data-settings=\"{&quot;_ha_eqh_enable&quot;:false}\">\n\t\t\t\t\t\t<div class=\"elementor-container elementor-column-gap-default\">\n\t\t\t\t\t<div class=\"elementor-column elementor-col-100 elementor-top-column elementor-element elementor-element-bd411aa\" data-id=\"bd411aa\" data-element_type=\"column\" data-e-type=\"column\">\n\t\t\t<div class=\"elementor-widget-wrap elementor-element-populated\">\n\t\t\t\t\t\t<div class=\"elementor-element elementor-element-2037047 elementor-widget elementor-widget-text-editor\" data-id=\"2037047\" data-element_type=\"widget\" data-e-type=\"widget\" data-widget_type=\"text-editor.default\">\n\t\t\t\t<div class=\"elementor-widget-container\">\n\t\t\t\t\t\t\t\t\t<p style=\"font-weight: 800; text-align: justify;\"><strong>Etik ve \u0130tibar Derne\u011fi, <\/strong>T\u00fcrkiye\u2019de faaliyet g\u00f6steren \u00e7e\u015fitli sekt\u00f6rlerdeki\u202f\u015firketler ve \u00e7al\u0131\u015fanlar\u0131na y\u00f6nelik projelerinin yan\u0131nda gen\u00e7 nesillere de etik, uyum ve itibar konular\u0131n\u0131n \u00f6nemini anlatmak ve fark\u0131ndal\u0131k yaratmak ad\u0131na ger\u00e7ekle\u015ftirilen \u00e7al\u0131\u015fmalara g\u00fcnden g\u00fcne yenilerini eklemeye devam ediyor.<\/p><p style=\"text-align: justify;\">Ki\u015filerin i\u015f hayat\u0131nda etik davran\u0131\u015flarda bulunabilmesi ve g\u00fcnl\u00fck hayat\u0131nda da do\u011fru olan\u0131\u202fyapabilmesi i\u00e7in,\u202fetik konular\u0131 ile ilgili e\u011fitimi \u00fcniversite, lise ve hatta ilkokul \u00e7a\u011flar\u0131nda almalar\u0131 gerekti\u011fini bildiren ara\u015ft\u0131rmalara uygun olarak bug\u00fcne kadar \u201cGelece\u011fin Etik Liderleri\u201d projesi ile gen\u00e7ler nezdinde etik fark\u0131ndal\u0131k geli\u015ftirmeyi hedefleyen TE\u0130D, art\u0131k TE\u0130D Academy Next Gen ile \u201cGelece\u011fin Etik ve Uyum Y\u00f6neticileri\u201dni yeti\u015ftirerek kapasite geli\u015ftirme safhas\u0131na ge\u00e7ti.<\/p><p style=\"text-align: justify;\">\u201cEtik ve Uyum Y\u00f6neticili\u011fi\u201d mesle\u011finin ihtiya\u00e7 ve gereklerinin \u00fcniversite 3. veya 4. s\u0131n\u0131f \u00f6\u011frencilerine ve yeni mezunlara\u202f\u00f6\u011fretilmesini ama\u00e7layan TE\u0130D Academy Next Gen 16 Aral\u0131k 2022\u2019de \u0130stanbul \u00dcniversitesi Giri\u015fimcilik Kul\u00fcb\u00fc (\u0130GK) i\u015f birli\u011fiyle ba\u015flad\u0131.\u202fDersler 13 \u015eubat 2023 tarihinde sona ererken kat\u0131l\u0131mc\u0131lar ba\u015far\u0131 belgelerini TE\u0130D Y\u00f6netim Kurulu Ba\u015fkan Yard\u0131mc\u0131s\u0131 ve ayn\u0131 zamanda TE\u0130D Akademi e\u011fitmeni olan Av. Rana G\u00fcnay Hoffman\u2019\u0131n elinden ald\u0131lar.<\/p><p style=\"text-align: justify;\">A\u00e7\u0131lan 12 saatlik bu e\u011fitim program\u0131\u202file gen\u00e7 nesiller &#8220;Etik ve Uyum Y\u00f6neticisi&#8221; olma yolundaki ilk ad\u0131mlar\u0131n\u0131\u202fde\u011ferli TE\u0130D Akademi e\u011fitmenleri Asl\u0131 Ertekin, Av. Se\u00e7kin Sava\u015fer, Av. Altu\u011f \u00d6zg\u00fcn ve Av. Tu\u011fba Do\u011fru Barut\u00e7uo\u011flu ile att\u0131lar.<\/p><p style=\"text-align: justify;\">Program kapsam\u0131nda online 8 saatlik dersin yan\u0131 s\u0131ra 4 saatlik offline video dersleri ile de toplam 12 saatlik bir e\u011fitim verildi. \u202fProgram detaylar\u0131na <a href=\"https:\/\/teidakademi.com\/index.php\/2022\/12\/12\/teid-akademi-next-gen-egitim-programi\/\">bu sayfadan<\/a> eri\u015filebilir. Program mezunlar\u0131n\u0131n listesine ise <a href=\"https:\/\/teidakademi.com\/index.php\/teid-academy-next-gen-mezunlarimiz\/\" target=\"_blank\" rel=\"noopener\">bu sayfadan<\/a> incelenebilir.<\/p><p style=\"text-align: justify;\">24 program mezunu gen\u00e7 16 Mart 2023 g\u00fcn\u00fc ger\u00e7ekle\u015fen \u201cTE\u0130D Akademi &amp; TE\u0130D Academy Next Gen E\u011fitmenler &amp; Mezunlar Bulu\u015fmas\u0131&#8221;nda ba\u015far\u0131 belgelerini alarak TEID Academy Next Gen 1. D\u00f6nem Mezunlar\u0131 aras\u0131nda yerlerini ald\u0131lar.<\/p><p style=\"text-align: justify;\">TE\u0130D Y\u00f6netim Kurulu Ba\u015fkan Yard\u0131mc\u0131s\u0131 ve TE\u0130D Akademi e\u011fitmeni Av. Rana G\u00fcnay Hoffman TEID Academy Next Gen mezunlar\u0131n\u0131 tebrik ederken benzer programlar\u0131n gelecekte de a\u00e7\u0131laca\u011f\u0131n\u0131n m\u00fcjdesini payla\u015f\u0131rken konu\u015fmas\u0131nda \u015funlar\u0131 belirtti:\u00a0 \u201c\u015eirketlerinin yerel ve ku\u0308resel pazarlardaki etik ve uyum risklerini yo\u0308netebilen, etik ve uyum programlar\u0131n\u0131 olu\u015fturabilen, e\u011fitimler haz\u0131rlayabilen ve etik ilke ve deg\u0306erlerinin s\u0327irketlerinin is\u0327 yap\u0131\u015f bi\u00e7imine yans\u0131mas\u0131n\u0131 ve i\u00e7selle\u015ftirilmesini sa\u011flayacak \u00e7al\u0131\u015fmalar yapabilen Etik ve Uyum Y\u00f6neticileri mezun etmeyi ama\u00e7layan program\u0131m\u0131z, her d\u00f6nem geli\u015fmeler \u0131\u015f\u0131\u011f\u0131nda g\u00fcncellenerek zenginle\u015ftiriliyor.\u00a0 Bug\u00fcn aram\u0131zda ge\u00e7ti\u011fimiz g\u00fcnlerde birinci ve pilot d\u00f6nemini tamamlad\u0131\u011f\u0131m\u0131z TE\u0130D Academy Next Gen kat\u0131l\u0131mc\u0131lar\u0131m\u0131z da bulunuyor. TE\u0130D olarak etik ve uyum y\u00f6netiminin \u00f6neminin yak\u0131n gelecekte daha da artaca\u011f\u0131n\u0131n bilincindeyiz. Bu nedenle gen\u00e7 neslin etik konusundaki fark\u0131ndal\u0131\u011f\u0131n\u0131 ve bilgisini art\u0131rmay\u0131 ve sorumlu liderler yeti\u015fmesine destek olmay\u0131 ama\u00e7l\u0131yoruz.\u201d<\/p>\t\t\t\t\t\t\t\t<\/div>\n\t\t\t\t<\/div>\n\t\t\t\t\t<\/div>\n\t\t<\/div>\n\t\t\t\t\t<\/div>\n\t\t<\/section>\n\t\t\t\t<section class=\"elementor-section elementor-top-section elementor-element elementor-element-9a74e2f elementor-section-boxed elementor-section-height-default elementor-section-height-default\" data-id=\"9a74e2f\" data-element_type=\"section\" data-e-type=\"section\" data-settings=\"{&quot;_ha_eqh_enable&quot;:false}\">\n\t\t\t\t\t\t<div class=\"elementor-container elementor-column-gap-default\">\n\t\t\t\t\t<div class=\"elementor-column elementor-col-50 elementor-top-column elementor-element elementor-element-af25caa\" data-id=\"af25caa\" data-element_type=\"column\" data-e-type=\"column\">\n\t\t\t<div class=\"elementor-widget-wrap elementor-element-populated\">\n\t\t\t\t\t\t<div class=\"elementor-element elementor-element-8190bbd elementor-widget elementor-widget-image\" data-id=\"8190bbd\" data-element_type=\"widget\" data-e-type=\"widget\" data-widget_type=\"image.default\">\n\t\t\t\t<div class=\"elementor-widget-container\">\n\t\t\t\t\t\t\t\t\t\t\t\t\t\t\t<img fetchpriority=\"high\" decoding=\"async\" width=\"812\" height=\"542\" src=\"https:\/\/teidakademi.com\/wp-content\/uploads\/2023\/03\/Rana-Hanim-Konusmasi-1024x683.jpg\" class=\"attachment-large size-large wp-image-44508\" alt=\"\" srcset=\"https:\/\/teidakademi.com\/wp-content\/uploads\/2023\/03\/Rana-Hanim-Konusmasi-300x200.jpg 300w, https:\/\/teidakademi.com\/wp-content\/uploads\/2023\/03\/Rana-Hanim-Konusmasi-768x512.jpg 768w, https:\/\/teidakademi.com\/wp-content\/uploads\/2023\/03\/Rana-Hanim-Konusmasi-1024x683.jpg 1024w, https:\/\/teidakademi.com\/wp-content\/uploads\/2023\/03\/Rana-Hanim-Konusmasi.jpg 1120w\" sizes=\"(max-width: 812px) 100vw, 812px\" \/>\t\t\t\t\t\t\t\t\t\t\t\t\t\t\t<\/div>\n\t\t\t\t<\/div>\n\t\t\t\t\t<\/div>\n\t\t<\/div>\n\t\t\t\t<div class=\"elementor-column elementor-col-50 elementor-top-column elementor-element elementor-element-41bd16d\" data-id=\"41bd16d\" data-element_type=\"column\" data-e-type=\"column\">\n\t\t\t<div class=\"elementor-widget-wrap elementor-element-populated\">\n\t\t\t\t\t\t<div class=\"elementor-element elementor-element-16a9ce5 elementor-widget elementor-widget-image\" data-id=\"16a9ce5\" data-element_type=\"widget\" data-e-type=\"widget\" data-widget_type=\"image.default\">\n\t\t\t\t<div class=\"elementor-widget-container\">\n\t\t\t\t\t\t\t\t\t\t\t\t\t\t\t<img decoding=\"async\" width=\"812\" height=\"542\" src=\"https:\/\/teidakademi.com\/wp-content\/uploads\/2023\/03\/Rana-Hanim-Konusmasi-1-1024x683.jpg\" class=\"attachment-large size-large wp-image-44512\" alt=\"\" srcset=\"https:\/\/teidakademi.com\/wp-content\/uploads\/2023\/03\/Rana-Hanim-Konusmasi-1-300x200.jpg 300w, https:\/\/teidakademi.com\/wp-content\/uploads\/2023\/03\/Rana-Hanim-Konusmasi-1-768x512.jpg 768w, https:\/\/teidakademi.com\/wp-content\/uploads\/2023\/03\/Rana-Hanim-Konusmasi-1-1024x683.jpg 1024w, https:\/\/teidakademi.com\/wp-content\/uploads\/2023\/03\/Rana-Hanim-Konusmasi-1.jpg 1120w\" sizes=\"(max-width: 812px) 100vw, 812px\" \/>\t\t\t\t\t\t\t\t\t\t\t\t\t\t\t<\/div>\n\t\t\t\t<\/div>\n\t\t\t\t\t<\/div>\n\t\t<\/div>\n\t\t\t\t\t<\/div>\n\t\t<\/section>\n\t\t\t\t<section class=\"elementor-section elementor-top-section elementor-element elementor-element-a55ee07 elementor-section-boxed elementor-section-height-default elementor-section-height-default\" data-id=\"a55ee07\" data-element_type=\"section\" data-e-type=\"section\" data-settings=\"{&quot;_ha_eqh_enable&quot;:false}\">\n\t\t\t\t\t\t<div class=\"elementor-container elementor-column-gap-default\">\n\t\t\t\t\t<div class=\"elementor-column elementor-col-50 elementor-top-column elementor-element elementor-element-378b0fe\" data-id=\"378b0fe\" data-element_type=\"column\" data-e-type=\"column\">\n\t\t\t<div class=\"elementor-widget-wrap elementor-element-populated\">\n\t\t\t\t\t\t<div class=\"elementor-element elementor-element-da0ee69 elementor-widget elementor-widget-image\" data-id=\"da0ee69\" data-element_type=\"widget\" data-e-type=\"widget\" data-widget_type=\"image.default\">\n\t\t\t\t<div class=\"elementor-widget-container\">\n\t\t\t\t\t\t\t\t\t\t\t\t\t\t\t<img decoding=\"async\" width=\"812\" height=\"542\" src=\"https:\/\/teidakademi.com\/wp-content\/uploads\/2023\/03\/Bahar-Karacar-Konusmasi-1024x683.jpg\" class=\"attachment-large size-large wp-image-44509\" alt=\"\" srcset=\"https:\/\/teidakademi.com\/wp-content\/uploads\/2023\/03\/Bahar-Karacar-Konusmasi-300x200.jpg 300w, https:\/\/teidakademi.com\/wp-content\/uploads\/2023\/03\/Bahar-Karacar-Konusmasi-768x512.jpg 768w, https:\/\/teidakademi.com\/wp-content\/uploads\/2023\/03\/Bahar-Karacar-Konusmasi-1024x683.jpg 1024w, https:\/\/teidakademi.com\/wp-content\/uploads\/2023\/03\/Bahar-Karacar-Konusmasi.jpg 1120w\" sizes=\"(max-width: 812px) 100vw, 812px\" \/>\t\t\t\t\t\t\t\t\t\t\t\t\t\t\t<\/div>\n\t\t\t\t<\/div>\n\t\t\t\t\t<\/div>\n\t\t<\/div>\n\t\t\t\t<div class=\"elementor-column elementor-col-50 elementor-top-column elementor-element elementor-element-a3eb101\" data-id=\"a3eb101\" data-element_type=\"column\" data-e-type=\"column\">\n\t\t\t<div class=\"elementor-widget-wrap elementor-element-populated\">\n\t\t\t\t\t\t<div class=\"elementor-element elementor-element-1ff2db8 elementor-widget elementor-widget-image\" data-id=\"1ff2db8\" data-element_type=\"widget\" data-e-type=\"widget\" data-widget_type=\"image.default\">\n\t\t\t\t<div class=\"elementor-widget-container\">\n\t\t\t\t\t\t\t\t\t\t\t\t\t\t\t<img loading=\"lazy\" decoding=\"async\" width=\"812\" height=\"542\" src=\"https:\/\/teidakademi.com\/wp-content\/uploads\/2023\/03\/Panel-1024x683.jpg\" class=\"attachment-large size-large wp-image-44511\" alt=\"\" srcset=\"https:\/\/teidakademi.com\/wp-content\/uploads\/2023\/03\/Panel-300x200.jpg 300w, https:\/\/teidakademi.com\/wp-content\/uploads\/2023\/03\/Panel-768x512.jpg 768w, https:\/\/teidakademi.com\/wp-content\/uploads\/2023\/03\/Panel-1024x683.jpg 1024w, https:\/\/teidakademi.com\/wp-content\/uploads\/2023\/03\/Panel.jpg 1120w\" sizes=\"(max-width: 812px) 100vw, 812px\" \/>\t\t\t\t\t\t\t\t\t\t\t\t\t\t\t<\/div>\n\t\t\t\t<\/div>\n\t\t\t\t\t<\/div>\n\t\t<\/div>\n\t\t\t\t\t<\/div>\n\t\t<\/section>\n\t\t\t\t<section class=\"elementor-section elementor-top-section elementor-element elementor-element-e7e55b1 elementor-section-boxed elementor-section-height-default elementor-section-height-default\" data-id=\"e7e55b1\" data-element_type=\"section\" data-e-type=\"section\" data-settings=\"{&quot;_ha_eqh_enable&quot;:false}\">\n\t\t\t\t\t\t<div class=\"elementor-container elementor-column-gap-default\">\n\t\t\t\t\t<div class=\"elementor-column elementor-col-50 elementor-top-column elementor-element elementor-element-bc540ce\" data-id=\"bc540ce\" data-element_type=\"column\" data-e-type=\"column\">\n\t\t\t<div class=\"elementor-widget-wrap elementor-element-populated\">\n\t\t\t\t\t\t<div class=\"elementor-element elementor-element-2ec694e elementor-widget elementor-widget-image\" data-id=\"2ec694e\" data-element_type=\"widget\" data-e-type=\"widget\" data-widget_type=\"image.default\">\n\t\t\t\t<div class=\"elementor-widget-container\">\n\t\t\t\t\t\t\t\t\t\t\t\t\t\t\t<img loading=\"lazy\" decoding=\"async\" width=\"812\" height=\"542\" src=\"https:\/\/teidakademi.com\/wp-content\/uploads\/2023\/03\/Panel-Sertifika-1024x683.jpg\" class=\"attachment-large size-large wp-image-44510\" alt=\"\" srcset=\"https:\/\/teidakademi.com\/wp-content\/uploads\/2023\/03\/Panel-Sertifika-300x200.jpg 300w, https:\/\/teidakademi.com\/wp-content\/uploads\/2023\/03\/Panel-Sertifika-768x512.jpg 768w, https:\/\/teidakademi.com\/wp-content\/uploads\/2023\/03\/Panel-Sertifika-1024x683.jpg 1024w, https:\/\/teidakademi.com\/wp-content\/uploads\/2023\/03\/Panel-Sertifika.jpg 1120w\" sizes=\"(max-width: 812px) 100vw, 812px\" \/>\t\t\t\t\t\t\t\t\t\t\t\t\t\t\t<\/div>\n\t\t\t\t<\/div>\n\t\t\t\t\t<\/div>\n\t\t<\/div>\n\t\t\t\t<div class=\"elementor-column elementor-col-50 elementor-top-column elementor-element elementor-element-9491ca0\" data-id=\"9491ca0\" data-element_type=\"column\" data-e-type=\"column\">\n\t\t\t<div class=\"elementor-widget-wrap elementor-element-populated\">\n\t\t\t\t\t\t<div class=\"elementor-element elementor-element-3278351 elementor-widget elementor-widget-image\" data-id=\"3278351\" data-element_type=\"widget\" data-e-type=\"widget\" data-widget_type=\"image.default\">\n\t\t\t\t<div class=\"elementor-widget-container\">\n\t\t\t\t\t\t\t\t\t\t\t\t\t\t\t<img loading=\"lazy\" decoding=\"async\" width=\"812\" height=\"542\" src=\"https:\/\/teidakademi.com\/wp-content\/uploads\/2023\/03\/Toplu-Fotograf-1024x683.jpg\" class=\"attachment-large size-large wp-image-44513\" alt=\"\" srcset=\"https:\/\/teidakademi.com\/wp-content\/uploads\/2023\/03\/Toplu-Fotograf-300x200.jpg 300w, https:\/\/teidakademi.com\/wp-content\/uploads\/2023\/03\/Toplu-Fotograf-768x512.jpg 768w, https:\/\/teidakademi.com\/wp-content\/uploads\/2023\/03\/Toplu-Fotograf-1024x683.jpg 1024w, https:\/\/teidakademi.com\/wp-content\/uploads\/2023\/03\/Toplu-Fotograf.jpg 1120w\" sizes=\"(max-width: 812px) 100vw, 812px\" \/>\t\t\t\t\t\t\t\t\t\t\t\t\t\t\t<\/div>\n\t\t\t\t<\/div>\n\t\t\t\t\t<\/div>\n\t\t<\/div>\n\t\t\t\t\t<\/div>\n\t\t<\/section>\n\t\t\t\t<\/div>\n\t\t","protected":false},"excerpt":{"rendered":"<p>TE\u0130D Academy Next Gen \u0130lk D\u00f6nem Mezunlar\u0131n\u0131 Verdi! Etik ve \u0130tibar Derne\u011fi, T\u00fcrkiye\u2019de faaliyet g\u00f6steren \u00e7e\u015fitli sekt\u00f6rlerdeki\u202f\u015firketler ve \u00e7al\u0131\u015fanlar\u0131na y\u00f6nelik projelerinin yan\u0131nda gen\u00e7 nesillere de etik, uyum ve itibar konular\u0131n\u0131n \u00f6nemini anlatmak ve fark\u0131ndal\u0131k yaratmak ad\u0131na ger\u00e7ekle\u015ftirilen \u00e7al\u0131\u015fmalara g\u00fcnden g\u00fcne yenilerini eklemeye devam ediyor. Ki\u015filerin i\u015f hayat\u0131nda etik davran\u0131\u015flarda bulunabilmesi ve g\u00fcnl\u00fck hayat\u0131nda da do\u011fru [&hellip;]<\/p>\n","protected":false},"author":1,"featured_media":44514,"comment_status":"closed","ping_status":"open","sticky":false,"template":"","format":"standard","meta":{"_bbp_topic_count":0,"_bbp_reply_count":0,"_bbp_total_topic_count":0,"_bbp_total_reply_count":0,"_bbp_voice_count":0,"_bbp_anonymous_reply_count":0,"_bbp_topic_count_hidden":0,"_bbp_reply_count_hidden":0,"_bbp_forum_subforum_count":0,"footnotes":""},"categories":[207,1],"tags":[],"class_list":["post-44491","post","type-post","status-publish","format-standard","has-post-thumbnail","hentry","category-egitim-ve-etkinlikler","category-uncategorized-tr"],"_links":{"self":[{"href":"https:\/\/teidakademi.com\/index.php\/wp-json\/wp\/v2\/posts\/44491","targetHints":{"allow":["GET"]}}],"collection":[{"href":"https:\/\/teidakademi.com\/index.php\/wp-json\/wp\/v2\/posts"}],"about":[{"href":"https:\/\/teidakademi.com\/index.php\/wp-json\/wp\/v2\/types\/post"}],"author":[{"embeddable":true,"href":"https:\/\/teidakademi.com\/index.php\/wp-json\/wp\/v2\/users\/1"}],"replies":[{"embeddable":true,"href":"https:\/\/teidakademi.com\/index.php\/wp-json\/wp\/v2\/comments?post=44491"}],"version-history":[{"count":20,"href":"https:\/\/teidakademi.com\/index.php\/wp-json\/wp\/v2\/posts\/44491\/revisions"}],"predecessor-version":[{"id":44741,"href":"https:\/\/teidakademi.com\/index.php\/wp-json\/wp\/v2\/posts\/44491\/revisions\/44741"}],"wp:featuredmedia":[{"embeddable":true,"href":"https:\/\/teidakademi.com\/index.php\/wp-json\/wp\/v2\/media\/44514"}],"wp:attachment":[{"href":"https:\/\/teidakademi.com\/index.php\/wp-json\/wp\/v2\/media?parent=44491"}],"wp:term":[{"taxonomy":"category","embeddable":true,"href":"https:\/\/teidakademi.com\/index.php\/wp-json\/wp\/v2\/categories?post=44491"},{"taxonomy":"post_tag","embeddable":true,"href":"https:\/\/teidakademi.com\/index.php\/wp-json\/wp\/v2\/tags?post=44491"}],"curies":[{"name":"wp","href":"https:\/\/api.w.org\/{rel}","templated":true}]}}